{"id":45,"date":"2021-01-17T18:31:48","date_gmt":"2021-01-17T17:31:48","guid":{"rendered":"https:\/\/www.tee-des-nordens.de\/blog\/?p=45"},"modified":"2021-01-17T18:31:48","modified_gmt":"2021-01-17T17:31:48","slug":"tee-des-monats-januar-2021-bio-bergtee","status":"publish","type":"post","link":"https:\/\/www.tee-des-nordens.de\/blog\/?p=45","title":{"rendered":"Tee des Monats: Januar 2021 &#8222;Bio Bergtee&#8220;"},"content":{"rendered":"\n<p>Griechischer Bergtee Bio &#8211;&nbsp; Sideritis scardica Kr\u00e4utertee<\/p>\n\n\n\n<p>Dieser sehr hochwertige Kr\u00e4utertee ist von der Pflanze Sideritis. Die Pflanze &#8222;Sideritis&#8220; w\u00e4chst in H\u00f6hen bis 700 m teils am Waldrand, teils auf steinigem Boden mit Gestr\u00fcpp in Griechenland. Ihr Merkmal ist die hellgr\u00fcne Farbe und die gro\u00dfen Bl\u00fctendolden. Der Geschmack ist leicht erdig und zitronenhaft fruchtig. Ich kombiniere in der kalten Winterzeit diesen Tee sehr gern entweder mit Pfefferminztee oder jetzt mit Salbeitee und frischem Ingwer. Bio Bergtee: A-0158<\/p>\n","protected":false},"excerpt":{"rendered":"<p>Griechischer Bergtee Bio &#8211;&nbsp; Sideritis scardica Kr\u00e4utertee Dieser sehr hochwertige Kr\u00e4utertee ist von der Pflanze Sideritis. Die Pflanze &#8222;Sideritis&#8220; w\u00e4chst in H\u00f6hen bis 700 m teils am Waldrand, teils auf steinigem Boden mit Gestr\u00fcpp in Griechenland. Ihr Merkmal ist die hellgr\u00fcne Farbe und die gro\u00dfen Bl\u00fctendolden. Der Geschmack ist leicht erdig und zitronenhaft fruchtig. Ich &hellip; <a href=\"https:\/\/www.tee-des-nordens.de\/blog\/?p=45\">Weiterlesen<\/a><\/p>\n","protected":false},"author":1,"featured_media":46,"comment_status":"open","ping_status":"open","sticky":false,"template":"","format":"standard","meta":{"footnotes":""},"categories":[11],"tags":[14,13,15,12],"class_list":["post-45","post","type-post","status-publish","format-standard","has-post-thumbnail","hentry","category-tee-des-monats","tag-bergtee","tag-bio-bergtee","tag-salbeitee","tag-tee-des-monats"],"_links":{"self":[{"href":"https:\/\/www.tee-des-nordens.de\/blog\/index.php?rest_route=\/wp\/v2\/posts\/45","targetHints":{"allow":["GET"]}}],"collection":[{"href":"https:\/\/www.tee-des-nordens.de\/blog\/index.php?rest_route=\/wp\/v2\/posts"}],"about":[{"href":"https:\/\/www.tee-des-nordens.de\/blog\/index.php?rest_route=\/wp\/v2\/types\/post"}],"author":[{"embeddable":true,"href":"https:\/\/www.tee-des-nordens.de\/blog\/index.php?rest_route=\/wp\/v2\/users\/1"}],"replies":[{"embeddable":true,"href":"https:\/\/www.tee-des-nordens.de\/blog\/index.php?rest_route=%2Fwp%2Fv2%2Fcomments&post=45"}],"version-history":[{"count":1,"href":"https:\/\/www.tee-des-nordens.de\/blog\/index.php?rest_route=\/wp\/v2\/posts\/45\/revisions"}],"predecessor-version":[{"id":47,"href":"https:\/\/www.tee-des-nordens.de\/blog\/index.php?rest_route=\/wp\/v2\/posts\/45\/revisions\/47"}],"wp:featuredmedia":[{"embeddable":true,"href":"https:\/\/www.tee-des-nordens.de\/blog\/index.php?rest_route=\/wp\/v2\/media\/46"}],"wp:attachment":[{"href":"https:\/\/www.tee-des-nordens.de\/blog\/index.php?rest_route=%2Fwp%2Fv2%2Fmedia&parent=45"}],"wp:term":[{"taxonomy":"category","embeddable":true,"href":"https:\/\/www.tee-des-nordens.de\/blog\/index.php?rest_route=%2Fwp%2Fv2%2Fcategories&post=45"},{"taxonomy":"post_tag","embeddable":true,"href":"https:\/\/www.tee-des-nordens.de\/blog\/index.php?rest_route=%2Fwp%2Fv2%2Ftags&post=45"}],"curies":[{"name":"wp","href":"https:\/\/api.w.org\/{rel}","templated":true}]}}